{"provider_url": "https://www.feijo.ac.leg.br", "title": "Forma\u00e7\u00e3o Profissional em Rio Branco: Administrativo e M\u00eddias Sociais", "html": "<p>Nos dias 22 e 23 de abril, em Rio Branco, a equipe de Administra\u00e7\u00e3o e de M\u00eddias Sociais da C\u00e2mara Municipal de Feij\u00f3 participou de cursos de capacita\u00e7\u00e3o voltados ao uso de sistemas internos de funcionamento.</p>\r\n<p>A forma\u00e7\u00e3o foi realizada no escrit\u00f3rio da PFS Solu\u00e7\u00f5es e Tecnologia LTDA e teve como foco o aprimoramento t\u00e9cnico dos servidores, com orienta\u00e7\u00f5es pr\u00e1ticas sobre ferramentas administrativas, organiza\u00e7\u00e3o de dados e atualiza\u00e7\u00e3o de plataformas institucionais.</p>\r\n<p>Este curso tem a finalidade de fortalecer a efici\u00eancia dos servi\u00e7os prestados pela C\u00e2mara, garantindo mais agilidade, organiza\u00e7\u00e3o e transpar\u00eancia nas atividades internas e na comunica\u00e7\u00e3o com a popula\u00e7\u00e3o. Com a capacita\u00e7\u00e3o, a equipe retorna ainda mais preparada para otimizar processos e contribuir para uma gest\u00e3o p\u00fablica mais moderna e acess\u00edvel aos cidad\u00e3os de Feij\u00f3.</p>", "author_name": "", "version": "1.0", "author_url": "https://www.feijo.ac.leg.br/author/PAULO_SUPORTE", "provider_name": "C\u00e2mara Municipal de Feij\u00f3", "type": "rich"}