{"provider_url": "https://www.feijo.ac.leg.br", "title": "Agenda institucional na cidade de Rio Branco", "html": "<div class=\"xdj266r x14z9mp xat24cr x1lziwak x1vvkbs x126k92a\">\r\n<div dir=\"auto\">Numa quarta-feira, 01 de abril, foi realizada uma agenda institucional na cidade de Rio Branco, e o Vereador Mateus Mota esteve representando a C\u00e2mara Municipal de Feij\u00f3 com foco em pautas voltadas \u00e0 popula\u00e7\u00e3o da zona rural de Feij\u00f3.</div>\r\n</div>\r\n<div class=\"x14z9mp xat24cr x1lziwak x1vvkbs xtlvy1s x126k92a\">\r\n<div dir=\"auto\">Durante o encontro com a empresa Energisa, e com a participa\u00e7\u00e3o da representante Elis\u00e2ngia, foram discutidas alternativas para ampliar o acesso \u00e0 energia el\u00e9trica nas comunidades mais distantes, com destaque para o uso de energia solar como solu\u00e7\u00e3o vi\u00e1vel e sustent\u00e1vel.</div>\r\n</div>\r\n<div class=\"x14z9mp xat24cr x1lziwak x1vvkbs xtlvy1s x126k92a\">\r\n<div dir=\"auto\">J\u00e1 com a Gabriela C\u00e2mara, Presidente do ITERACRE, fora esclarecidas demandas para Feij\u00f3 incluindo os \u00faltimos trabalhos de t\u00edtulos oferecidos para a popula\u00e7\u00e3o e a amplia\u00e7\u00e3o desta atividade nas pr\u00f3ximas edi\u00e7\u00f5es.</div>\r\n</div>\r\n<div class=\"x14z9mp xat24cr x1lziwak x1vvkbs xtlvy1s x126k92a\">\r\n<div dir=\"auto\">A iniciativa busca garantir melhores condi\u00e7\u00f5es de vida para os moradores da zona rural e urbana, promovendo desenvolvimento, inclus\u00e3o e acesso a servi\u00e7os essenciais</div>\r\n</div>", "author_name": "", "version": "1.0", "author_url": "https://www.feijo.ac.leg.br/author/PAULO_SUPORTE", "provider_name": "C\u00e2mara Municipal de Feij\u00f3", "type": "rich"}