{"provider_url": "https://www.feijo.ac.leg.br", "title": "II Encontro de Vereadores do Acre", "html": "<div class=\"xdj266r x14z9mp xat24cr x1lziwak x1vvkbs x126k92a\">\r\n<div dir=\"auto\">Vereadores da C\u00e2mara Municipal de Feij\u00f3 participaram do II Encontro de Vereadores do Acre, realizado no dia 05 de mar\u00e7o, quinta-feira, no AFA Jardim, na Capital Acreana. O evento reuniu parlamentares dos 22 munic\u00edpios do estado com o objetivo de fortalecer o papel do Poder Legislativo, promover capacita\u00e7\u00e3o e incentivar a troca de experi\u00eancias entre as casas legislativas.</div>\r\n</div>\r\n<div class=\"x14z9mp xat24cr x1lziwak x1vvkbs xtlvy1s x126k92a\">\r\n<div dir=\"auto\">Durante o encontro, os participantes acompanharam palestras formativas voltadas para temas importantes da atua\u00e7\u00e3o parlamentar, como Intelig\u00eancia Artificial, Compet\u00eancia Legislativa Municipal e Reda\u00e7\u00e3o Legislativa, al\u00e9m de Princ\u00edpios da Comunica\u00e7\u00e3o Pol\u00edtica. Os conte\u00fados apresentados buscaram ampliar o conhecimento t\u00e9cnico dos vereadores, contribuindo para uma atua\u00e7\u00e3o mais eficiente, transparente e alinhada \u00e0s necessidades da popula\u00e7\u00e3o.</div>\r\n</div>\r\n<div class=\"x14z9mp xat24cr x1lziwak x1vvkbs xtlvy1s x126k92a\">\r\n<div dir=\"auto\">Outro ponto importante do encontro foi a realiza\u00e7\u00e3o de reuni\u00f5es de alinhamento com o Governo do Estado do Acre, contando com a presen\u00e7a da vice-governadora Mailza Assis, que dialogou com os parlamentares sobre a\u00e7\u00f5es, parcerias institucionais e estrat\u00e9gias para o fortalecimento das pol\u00edticas p\u00fablicas nos munic\u00edpios.</div>\r\n</div>", "author_name": "", "version": "1.0", "author_url": "https://www.feijo.ac.leg.br/author/PAULO_SUPORTE", "provider_name": "C\u00e2mara Municipal de Feij\u00f3", "type": "rich"}